{"id":2474,"date":"2013-09-20T09:06:00","date_gmt":"2013-09-20T07:06:00","guid":{"rendered":"https:\/\/www.cimax.sk\/blogy\/bolesti-hlavy-a-brnenie-v-koncatinach-c-70\/"},"modified":"2020-09-29T22:25:49","modified_gmt":"2020-09-29T20:25:49","slug":"bolesti-hlavy-a-brnenie-v-koncatinach-c-70","status":"publish","type":"post","link":"https:\/\/www.cimax.sk\/blogy\/bolesti-hlavy-a-brnenie-v-koncatinach-c-70\/","title":{"rendered":"Bolesti hlavy a brnenie v kon\u010datin\u00e1ch &#8211; C 70"},"content":{"rendered":"<p><img loading=\"lazy\" decoding=\"async\" class=\"size-full wp-image-1154 alignleft\" src=\"https:\/\/www.cimax.sk\/blogy\/wp-content\/uploads\/2020\/09\/IMG_019.jpg\" alt=\"\" width=\"100\" height=\"90\" \/>U\u017e dlh\u0161iu dobu poci\u0165ujem nepr\u00edjemn\u00e9 brnenie v kon\u010datin\u00e1ch. Z\u00e1rove\u0148 som mala pocit znecitlivelosti na \u013eavej strane temena hlavy a to\u010denie hlavy. Nav\u0161t\u00edvila som aj obvodn\u00fa lek\u00e1rku a n\u00e1sledne neurologi\u010dku, ale okrem liekov na ni\u010d nepri\u0161la. Okrem toho, ale to u\u017e dlhoro\u010dne, m\u00e1vam \u010dast\u00e9 bolesti hlavy.<\/p>\n<p><strong>Sa\u0161a Pueblo:<\/strong> M\u00e1me tu klasick\u00fa z\u00e1kladn\u00fa diagnostiku, \u010do sa deje v organizme. \u017diadne chronick\u00e9 a ak\u00fatne stavy, \u010do by medic\u00edna ur\u010dite zistila. Ale vlastne tu je probl\u00e9m, \u017ee stav pacientky spad\u00e1 do disharmonick\u00fdch stavov, ktor\u00e9 nie s\u00fa dostato\u010dne priekazn\u00e9 a medic\u00ednskymi met\u00f3dami zistite\u013en\u00e9. Na jednej strane dobr\u00e1 spr\u00e1va pre pacientku, na druhej strane probl\u00e9m. U\u017e s\u00fa t\u00fa nejak\u00e9 disharmonick\u00e9 stavy a je ich dobre prelie\u010di\u0165, aby sa nestali ak\u00fatne, chronick\u00e9 a nakoniec nevylie\u010dite\u013en\u00e9. Pokia\u013e je lie\u010dite\u013e dobr\u00fd senzibil, tak tieto disharm\u00f3nie zachyt\u00ed a danej osobe odporu\u010d\u00ed, ako sa vlastne prevent\u00edvne prelie\u010di\u0165. Alebo pacientka si mus\u00ed po\u010dka\u0165, a\u017e k\u00fdm stav bude ak\u00fatny. Bolo by super, keby medic\u00edna mala omnoho citlivej\u0161ie pr\u00edstroje a mohla operova\u0165 v rovine po\u010diato\u010dnej prevencie. Verme, \u017ee to bude \u010doskoro.<\/p>\n<p><strong>Diagnostika<\/strong><\/p>\n<p>Diagnostika 6. neur\u00f3nov\u00fdch oblast\u00ed tela: neur\u00f3nov\u00e9 oblasti s\u00fa v norme,<br \/>\nmiecha a nervstvo nie je v poriadku, mierne po\u0161koden\u00e9 dr\u00e1hy. Po\u0161kodzovanie<br \/>\nnevhodn\u00fdmi mikroorganizmami, ale aj bielymi krvinkami.<\/p>\n<p>Diagnostika lymfatick\u00e9ho syst\u00e9mu: lymfatick\u00fd syst\u00e9m je v poriadku, iba v<br \/>\noblasti tenk\u00fdch \u010driev deform\u00e1cie a drobn\u00e9 po\u0161kodenia, ale v z\u00e1sade v<br \/>\nporiadku.<\/p>\n<p>Diagnostika krvn\u00e9 rie\u010di\u0161te: cievy, \u017eily a vl\u00e1so\u010dnice v poriadku.<br \/>\nDiagnostika kostn\u00e1 dre\u0148: krv a kostn\u00e1 dre\u0148: slab\u0161ia oblas\u0165, slab\u00e1 krvotvorba<br \/>\nvo vn\u00fatri kost\u00ed. Mierne zahus\u0165ovanie krvi. Krvn\u00e1 plazma slab\u0161ia, ale v<br \/>\nz\u00e1sade v norme.<\/p>\n<p>Diagnostika hormon\u00e1lnej s\u00fastavy: hormon\u00e1lna s\u00fastava vykazuje nedostato\u010dn\u00fa<br \/>\nhormon\u00e1lnu \u010dinnos\u0165 a pokr\u00fdva asi 50% potreby tela a to je probl\u00e9m. Pr\u00ed\u010dinou<br \/>\ns\u00fa mikroorganizmy.<\/p>\n<p>Diagnostika tr\u00e1viaceho syst\u00e9mu: tr\u00e1viaci syst\u00e9m m\u00e1 nevhodn\u00e9 mikroorganizmy a<br \/>\nto poriadne. Zl\u00e1 tvorba \u017eeleza, v\u00e1pnika a in\u00fdch miner\u00e1lov a aminokysel\u00edn.<br \/>\nTeda neschopnos\u0165 tr\u00e1venia spr\u00e1vne vy\u017eivi\u0165 bunky tela. Nedobr\u00fd stav.<\/p>\n<p>Diagnostika org\u00e1nov: org\u00e1ny ako p\u013e\u00faca, srdce, obli\u010dky, pe\u010de\u0148, slezina,<br \/>\nmaternica, svaly &#8211; v\u0161ade nevhodn\u00e9 mikroorganizmy. Pe\u010de\u0148 je pr\u00edli\u0161 zanesen\u00e1<br \/>\ntoxick\u00fdmi l\u00e1tkami a slab\u00e1 \u010dinnos\u0165. P\u013e\u00faca zanesen\u00e9 ne\u010distotami, obli\u010dky zle<br \/>\npracuj\u00fa, ako keby oddychovali a spia.<\/p>\n<p>Diagnostika tox\u00ednov tela: pr\u00edli\u0161 ve\u013ea tox\u00ednov a telo sa zan\u00e1\u0161a \u010falej.<\/p>\n<p>Diagnostika imunitn\u00e1: imunita je nedostato\u010dn\u00e1 a pod hranicou nutn\u00e9ho minima.<br \/>\nV tele mno\u017estvo ne\u017eiaducich mikroorganizmov, ktor\u00e9 blokuj\u00fa \u010dinnos\u0165 tela. S\u00fa<br \/>\ntam aj mikroorganizmy, ktor\u00e9 s\u00fa na verejn\u00fdch WC. Jednoducho imunita<br \/>\nnefunguje tak, ako m\u00e1.<\/p>\n<p>Genetika: asi m\u00e1te predpoklady na zr\u00fdchlen\u00e9 starnutie. Odpor\u00fa\u010dam mimoriadne<br \/>\nzv\u00fd\u0161en\u00fa starostlivos\u0165, pokia\u013e chcete zdravie.<\/p>\n<p>Z\u00e1ver: nedostato\u010dn\u00e1 celkov\u00e1 imunita, v tele pr\u00edli\u0161 ve\u013ea nevhodn\u00fdch<br \/>\nmikroorganizmov a odhadujem aj trval\u00e9 po\u0161kodenie tenk\u00fdch \u010driev a nespr\u00e1vne<br \/>\nvy\u017eivovanie buniek tela.<\/p>\n<p>Sa\u0161a Pueblo<\/p>\n","protected":false},"excerpt":{"rendered":"<p>U\u017e dlh\u0161iu dobu poci\u0165ujem nepr\u00edjemn\u00e9 brnenie v kon\u010datin\u00e1ch. Z\u00e1rove\u0148 som mala pocit znecitlivelosti na \u013eavej strane temena hlavy a to\u010denie hlavy. Nav\u0161t\u00edvila som aj obvodn\u00fa lek\u00e1rku a n\u00e1sledne neurologi\u010dku, ale okrem liekov na ni\u010d nepri\u0161la. Okrem toho, ale to u\u017e dlhoro\u010dne, m\u00e1vam \u010dast\u00e9 bolesti hlavy. Sa\u0161a Pueblo: M\u00e1me tu klasick\u00fa<span class=\"more-link\"><a href=\"https:\/\/www.cimax.sk\/blogy\/bolesti-hlavy-a-brnenie-v-koncatinach-c-70\/\">\u010c\u00edtaj viac<\/a><\/span><\/p>\n","protected":false},"author":1,"featured_media":3491,"comment_status":"closed","ping_status":"open","sticky":false,"template":"","format":"standard","meta":{"footnotes":"","_links_to":"","_links_to_target":""},"categories":[2],"tags":[],"class_list":["entry","author-admin","post-2474","post","type-post","status-publish","format-standard","has-post-thumbnail","category-pripady-diagnostik"],"_links":{"self":[{"href":"https:\/\/www.cimax.sk\/blogy\/wp-json\/wp\/v2\/posts\/2474","targetHints":{"allow":["GET"]}}],"collection":[{"href":"https:\/\/www.cimax.sk\/blogy\/wp-json\/wp\/v2\/posts"}],"about":[{"href":"https:\/\/www.cimax.sk\/blogy\/wp-json\/wp\/v2\/types\/post"}],"author":[{"embeddable":true,"href":"https:\/\/www.cimax.sk\/blogy\/wp-json\/wp\/v2\/users\/1"}],"replies":[{"embeddable":true,"href":"https:\/\/www.cimax.sk\/blogy\/wp-json\/wp\/v2\/comments?post=2474"}],"version-history":[{"count":3,"href":"https:\/\/www.cimax.sk\/blogy\/wp-json\/wp\/v2\/posts\/2474\/revisions"}],"predecessor-version":[{"id":2896,"href":"https:\/\/www.cimax.sk\/blogy\/wp-json\/wp\/v2\/posts\/2474\/revisions\/2896"}],"wp:featuredmedia":[{"embeddable":true,"href":"https:\/\/www.cimax.sk\/blogy\/wp-json\/wp\/v2\/media\/3491"}],"wp:attachment":[{"href":"https:\/\/www.cimax.sk\/blogy\/wp-json\/wp\/v2\/media?parent=2474"}],"wp:term":[{"taxonomy":"category","embeddable":true,"href":"https:\/\/www.cimax.sk\/blogy\/wp-json\/wp\/v2\/categories?post=2474"},{"taxonomy":"post_tag","embeddable":true,"href":"https:\/\/www.cimax.sk\/blogy\/wp-json\/wp\/v2\/tags?post=2474"}],"curies":[{"name":"wp","href":"https:\/\/api.w.org\/{rel}","templated":true}]}}